{"id":1157,"date":"2023-05-09T10:17:36","date_gmt":"2023-05-09T08:17:36","guid":{"rendered":"https:\/\/www.apelsophiebarat.net\/?p=1157"},"modified":"2025-01-04T23:59:34","modified_gmt":"2025-01-04T22:59:34","slug":"conference-cest-quoi-le-tdah","status":"publish","type":"post","link":"https:\/\/www.apelsophiebarat.net\/index.php\/2023\/05\/09\/conference-cest-quoi-le-tdah\/","title":{"rendered":"Conf\u00e9rence : C&rsquo;est quoi le TDAH?"},"content":{"rendered":"\n\n\n\n[et_pb_section fb_built=\u00a0\u00bb1&Prime; _builder_version=\u00a0\u00bb4.21.0&Prime; _module_preset=\u00a0\u00bbdefault\u00a0\u00bb global_colors_info=\u00a0\u00bb{}\u00a0\u00bb][et_pb_row _builder_version=\u00a0\u00bb4.21.0&Prime; _module_preset=\u00a0\u00bbdefault\u00a0\u00bb global_colors_info=\u00a0\u00bb{}\u00a0\u00bb][et_pb_column type=\u00a0\u00bb4_4&Prime; _builder_version=\u00a0\u00bb4.21.0&Prime; _module_preset=\u00a0\u00bbdefault\u00a0\u00bb global_colors_info=\u00a0\u00bb{}\u00a0\u00bb][et_pb_image src=\u00a0\u00bbhttps:\/\/www.apelsophiebarat.net\/wp-content\/uploads\/2023\/05\/logo-tap.png\u00a0\u00bb _builder_version=\u00a0\u00bb4.21.0&Prime; _module_preset=\u00a0\u00bbdefault\u00a0\u00bb title_text=\u00a0\u00bblogo-tap\u00a0\u00bb hover_enabled=\u00a0\u00bb0&Prime; sticky_enabled=\u00a0\u00bb0&Prime; align=\u00a0\u00bbcenter\u00a0\u00bb][\/et_pb_image][et_pb_text _builder_version=\u00a0\u00bb4.21.0&Prime; _module_preset=\u00a0\u00bbdefault\u00a0\u00bb global_colors_info=\u00a0\u00bb{}\u00a0\u00bb hover_enabled=\u00a0\u00bb0&Prime; sticky_enabled=\u00a0\u00bb0&Prime;]<div id=\"malwarebytes-root\" style=\"position: absolute; right: 0px; top: 0px; left: 0px; z-index: 2147483647; width: 100%;\" tabindex=\"-1\"><\/div>\n<h3 style=\"text-align: center;\"><strong>A vos agendas !<\/strong><\/h3>\n<p><strong><\/strong><\/p>\n<p><strong><\/strong><\/p>\n<h4><span>Sujet : <strong>C\u2019est quoi le TDAH ?<\/strong><\/span><\/h4>\n<h4><\/h4>\n<h4>Conf\u00e9rencier : <span>Docteur Jean CHAMBRY (p\u00e9dopsychiatre au R\u00e9seau TAP IDF)<\/span><\/h4>\n<h4><span><\/span><\/h4>\n<h4><span>Date : samedi 20 mai 2023 de 11h00 \u00e0 13h00<\/span><\/h4>\n<h4><span><\/span><\/h4>\n<h4><span>Lieu : Visioconf\u00e9rence<\/span><\/h4>\n<h4><span><\/span><\/h4>\n<h4><span>Inscription : <a href=\"https:\/\/reseautap.org\/evenements\/details\/id\/248\/\">https:\/\/reseautap.org\/evenements\/details\/id\/248\/<\/a><\/span><\/h4>\n<h4><\/h4>\n<h4>Invitation:<\/h4>\n<blockquote>\n<p><span>Chers Parents,<\/span><span><\/span><\/p>\n<p><span>Le R\u00e9seau TAP IDF vous propose des conf\u00e9rences sur le th\u00e8me des troubles des apprentissages. <\/span><span>Ces derni\u00e8res sont gratuites et exclusivement destin\u00e9es aux familles.<\/span><\/p>\n<p><span>Cette ann\u00e9e le Docteur Jean CHAMBRY (p\u00e9dopsychiatre au R\u00e9seau TAP IDF) vous propose un cycle de visioconf\u00e9rences.<\/span><\/p>\n<p><span>La prochaine conf\u00e9rence\u00a0 <\/span><strong>C\u2019est quoi le TDAH ?\u00a0 <\/strong><span>se d\u00e9roulera le samedi 20 mai 2023 de 11h00 \u00e0 13h00 <\/span><span>via l&rsquo;application ZOOM.<\/span><\/p>\n<p><span>Pour participer \u00e0 cette conf\u00e9rence, merci de vous inscrire via ce lien:<\/span> <a target=\"_blank\" class=\"c-link\" data-stringify-link=\"https:\/\/reseautap.org\/evenements\/details\/id\/248\/\" delay=\"150\" data-sk=\"tooltip_parent\" href=\"https:\/\/reseautap.org\/evenements\/details\/id\/248\/\" rel=\"noopener noreferrer\">https:\/\/reseautap.org\/evenements\/details\/id\/248\/<\/a><\/p>\n<p><span>Le lien de connexion de l&rsquo;\u00e9v\u00e8nement sera disponible sur notre site.<\/span><\/p>\n<p><span>Nous restons \u00e0 votre disposition pour tout compl\u00e9ment d&rsquo;information sur cet \u00e9v\u00e8nement.<\/span><\/p>\n<p><a href=\"https:\/\/www.reseautap.org\/\" target=\"_blank\" rel=\"noopener\"><span>L&rsquo;\u00e9quipe du R\u00e9seau TAP<\/span><\/a><\/p>\n<\/blockquote>[\/et_pb_text][\/et_pb_column][\/et_pb_row][\/et_pb_section]\n\n\n\n","protected":false},"excerpt":{"rendered":"<p>A vos agendas ! Sujet : C\u2019est quoi le TDAH ? Conf\u00e9rencier : Docteur Jean CHAMBRY (p\u00e9dopsychiatre au R\u00e9seau TAP IDF) Date : samedi 20 mai 2023 de 11h00 \u00e0 13h00 Lieu : Visioconf\u00e9rence Inscription : https:\/\/reseautap.org\/evenements\/details\/id\/248\/ Invitation: Chers Parents, Le R\u00e9seau TAP IDF vous propose des conf\u00e9rences sur le th\u00e8me des troubles des apprentissages. [&hellip;]<\/p>\n","protected":false},"author":2,"featured_media":1169,"comment_status":"open","ping_status":"open","sticky":false,"template":"","format":"standard","meta":{"_et_pb_use_builder":"on","_et_pb_old_content":"","_et_gb_content_width":"","footnotes":""},"categories":[1,37,15,159],"tags":[19,58,22,18,24,23,59],"class_list":["post-1157","post","type-post","status-publish","format-standard","has-post-thumbnail","hentry","category-actualites","category-conferences","category-ebs","category-tdah","tag-college","tag-conference","tag-ecole","tag-enfants-a-besoins-specifiques","tag-lycee","tag-primaire","tag-tdah"],"_links":{"self":[{"href":"https:\/\/www.apelsophiebarat.net\/index.php\/wp-json\/wp\/v2\/posts\/1157","targetHints":{"allow":["GET"]}}],"collection":[{"href":"https:\/\/www.apelsophiebarat.net\/index.php\/wp-json\/wp\/v2\/posts"}],"about":[{"href":"https:\/\/www.apelsophiebarat.net\/index.php\/wp-json\/wp\/v2\/types\/post"}],"author":[{"embeddable":true,"href":"https:\/\/www.apelsophiebarat.net\/index.php\/wp-json\/wp\/v2\/users\/2"}],"replies":[{"embeddable":true,"href":"https:\/\/www.apelsophiebarat.net\/index.php\/wp-json\/wp\/v2\/comments?post=1157"}],"version-history":[{"count":6,"href":"https:\/\/www.apelsophiebarat.net\/index.php\/wp-json\/wp\/v2\/posts\/1157\/revisions"}],"predecessor-version":[{"id":1167,"href":"https:\/\/www.apelsophiebarat.net\/index.php\/wp-json\/wp\/v2\/posts\/1157\/revisions\/1167"}],"wp:featuredmedia":[{"embeddable":true,"href":"https:\/\/www.apelsophiebarat.net\/index.php\/wp-json\/wp\/v2\/media\/1169"}],"wp:attachment":[{"href":"https:\/\/www.apelsophiebarat.net\/index.php\/wp-json\/wp\/v2\/media?parent=1157"}],"wp:term":[{"taxonomy":"category","embeddable":true,"href":"https:\/\/www.apelsophiebarat.net\/index.php\/wp-json\/wp\/v2\/categories?post=1157"},{"taxonomy":"post_tag","embeddable":true,"href":"https:\/\/www.apelsophiebarat.net\/index.php\/wp-json\/wp\/v2\/tags?post=1157"}],"curies":[{"name":"wp","href":"https:\/\/api.w.org\/{rel}","templated":true}]}}