{"id":2662,"date":"2024-06-03T07:32:28","date_gmt":"2024-06-03T05:32:28","guid":{"rendered":"https:\/\/www.apelsophiebarat.net\/?p=2662"},"modified":"2025-01-04T16:12:02","modified_gmt":"2025-01-04T15:12:02","slug":"conference-comment-gerer-le-stress-des-examens","status":"publish","type":"post","link":"https:\/\/www.apelsophiebarat.net\/index.php\/2024\/06\/03\/conference-comment-gerer-le-stress-des-examens\/","title":{"rendered":"Conf\u00e9rence : Comment g\u00e9rer le stress des examens?"},"content":{"rendered":"\n[et_pb_section fb_built=\u00a0\u00bb1&Prime; _builder_version=\u00a0\u00bb4.22.1&Prime; _module_preset=\u00a0\u00bbdefault\u00a0\u00bb global_colors_info=\u00a0\u00bb{}\u00a0\u00bb theme_builder_area=\u00a0\u00bbpost_content\u00a0\u00bb][et_pb_row _builder_version=\u00a0\u00bb4.22.1&Prime; _module_preset=\u00a0\u00bbdefault\u00a0\u00bb global_colors_info=\u00a0\u00bb{}\u00a0\u00bb theme_builder_area=\u00a0\u00bbpost_content\u00a0\u00bb][et_pb_column type=\u00a0\u00bb4_4&Prime; _builder_version=\u00a0\u00bb4.22.1&Prime; _module_preset=\u00a0\u00bbdefault\u00a0\u00bb global_colors_info=\u00a0\u00bb{}\u00a0\u00bb theme_builder_area=\u00a0\u00bbpost_content\u00a0\u00bb][et_pb_text _builder_version=\u00a0\u00bb4.25.1&Prime; _module_preset=\u00a0\u00bbdefault\u00a0\u00bb text_font_size=\u00a0\u00bb19px\u00a0\u00bb hover_enabled=\u00a0\u00bb0&Prime; global_colors_info=\u00a0\u00bb{}\u00a0\u00bb theme_builder_area=\u00a0\u00bbpost_content\u00a0\u00bb sticky_enabled=\u00a0\u00bb0&Prime;]<p><span>Les examens du brevet et du bac approchent \u00e0 grand pas !<br \/><\/span><span>Vous \u00eates en pleines r\u00e9visions et vous sentez le stress monter, vous avez peur qu\u2019il vous t\u00e9tanise !<br \/>Rendez-vous mardi 4 juin \u00e0 20 heures dans la caf\u00e9t\u00e9ria de Sophie Barat !<br \/>Nicha Roy, sophrologue \u00e0 Ch\u00e2tenay-Malabry vous aidera \u00e0 le canaliser lors d\u2019une conf\u00e9rence qui durera environ une heure et demi.<br \/>Pour ceux qui le souhaite, elle proposera m\u00eame ensuite une demi heure d\u2019exercices pratiques que vous pourrez refaire chez vous.<\/span><\/p>[\/et_pb_text][et_pb_text _builder_version=\u00a0\u00bb4.22.1&Prime; _module_preset=\u00a0\u00bbdefault\u00a0\u00bb text_font_size=\u00a0\u00bb19px\u00a0\u00bb text_line_height=\u00a0\u00bb1.8em\u00a0\u00bb global_colors_info=\u00a0\u00bb{}\u00a0\u00bb theme_builder_area=\u00a0\u00bbpost_content\u00a0\u00bb]<p class=\"p1\">Nous esp\u00e9rons vous voir nombreux \u00e0 cette conf\u00e9rence s\u2019adressant tout particui\u00e8rement aux parents et \u00e9l\u00e8ves de troisi\u00e8me, premi\u00e8re et terminale.<\/p>\n<p class=\"p1\">A tr\u00e8s bient\u00f4t,<\/p>\n<p class=\"p1\">L\u2019\u00e9quipe de l\u2019Apel Sophie Barat<\/p>[\/et_pb_text][\/et_pb_column][\/et_pb_row][\/et_pb_section]\n","protected":false},"excerpt":{"rendered":"<p>Les examens du brevet et du bac approchent \u00e0 grand pas !Vous \u00eates en pleines r\u00e9visions et vous sentez le stress monter, vous avez peur qu\u2019il vous t\u00e9tanise !Rendez-vous mardi 4 juin \u00e0 20 heures dans la caf\u00e9t\u00e9ria de Sophie Barat !Nicha Roy, sophrologue \u00e0 Ch\u00e2tenay-Malabry vous aidera \u00e0 le canaliser lors d\u2019une conf\u00e9rence qui [&hellip;]<\/p>\n","protected":false},"author":2,"featured_media":2663,"comment_status":"open","ping_status":"open","sticky":false,"template":"","format":"standard","meta":{"_et_pb_use_builder":"on","_et_pb_old_content":"","_et_gb_content_width":"","footnotes":""},"categories":[1,37,157],"tags":[126,125,19,127,129,24,131,130,128],"class_list":["post-2662","post","type-post","status-publish","format-standard","has-post-thumbnail","hentry","category-actualites","category-conferences","category-stress","tag-bac","tag-brevet","tag-college","tag-examens","tag-gestion-du-stress","tag-lycee","tag-sophrologie","tag-sophrologue","tag-stress"],"_links":{"self":[{"href":"https:\/\/www.apelsophiebarat.net\/index.php\/wp-json\/wp\/v2\/posts\/2662","targetHints":{"allow":["GET"]}}],"collection":[{"href":"https:\/\/www.apelsophiebarat.net\/index.php\/wp-json\/wp\/v2\/posts"}],"about":[{"href":"https:\/\/www.apelsophiebarat.net\/index.php\/wp-json\/wp\/v2\/types\/post"}],"author":[{"embeddable":true,"href":"https:\/\/www.apelsophiebarat.net\/index.php\/wp-json\/wp\/v2\/users\/2"}],"replies":[{"embeddable":true,"href":"https:\/\/www.apelsophiebarat.net\/index.php\/wp-json\/wp\/v2\/comments?post=2662"}],"version-history":[{"count":5,"href":"https:\/\/www.apelsophiebarat.net\/index.php\/wp-json\/wp\/v2\/posts\/2662\/revisions"}],"predecessor-version":[{"id":2670,"href":"https:\/\/www.apelsophiebarat.net\/index.php\/wp-json\/wp\/v2\/posts\/2662\/revisions\/2670"}],"wp:featuredmedia":[{"embeddable":true,"href":"https:\/\/www.apelsophiebarat.net\/index.php\/wp-json\/wp\/v2\/media\/2663"}],"wp:attachment":[{"href":"https:\/\/www.apelsophiebarat.net\/index.php\/wp-json\/wp\/v2\/media?parent=2662"}],"wp:term":[{"taxonomy":"category","embeddable":true,"href":"https:\/\/www.apelsophiebarat.net\/index.php\/wp-json\/wp\/v2\/categories?post=2662"},{"taxonomy":"post_tag","embeddable":true,"href":"https:\/\/www.apelsophiebarat.net\/index.php\/wp-json\/wp\/v2\/tags?post=2662"}],"curies":[{"name":"wp","href":"https:\/\/api.w.org\/{rel}","templated":true}]}}