{"id":3607,"date":"2025-11-26T15:25:42","date_gmt":"2025-11-26T14:25:42","guid":{"rendered":"https:\/\/www.apelsophiebarat.net\/?p=3607"},"modified":"2025-11-26T16:49:12","modified_gmt":"2025-11-26T15:49:12","slug":"marche_de_noel_2025","status":"publish","type":"post","link":"https:\/\/www.apelsophiebarat.net\/index.php\/2025\/11\/26\/marche_de_noel_2025\/","title":{"rendered":"March\u00e9 de No\u00ebl 2025"},"content":{"rendered":"<p>[et_pb_section fb_built=\u00a0\u00bb1&Prime; _builder_version=\u00a0\u00bb4.27.4&Prime; _module_preset=\u00a0\u00bbdefault\u00a0\u00bb global_colors_info=\u00a0\u00bb{}\u00a0\u00bb][et_pb_row _builder_version=\u00a0\u00bb4.27.4&Prime; _module_preset=\u00a0\u00bbdefault\u00a0\u00bb global_colors_info=\u00a0\u00bb{}\u00a0\u00bb][et_pb_column type=\u00a0\u00bb4_4&Prime; _builder_version=\u00a0\u00bb4.27.4&Prime; _module_preset=\u00a0\u00bbdefault\u00a0\u00bb global_colors_info=\u00a0\u00bb{}\u00a0\u00bb][et_pb_cta title=\u00a0\u00bbMarch\u00e9 de No\u00ebl \u00e0 Sophie Barat\u00a0\u00bb button_text=\u00a0\u00bbClics\u00a0\u00bb _builder_version=\u00a0\u00bb4.27.4&Prime; _module_preset=\u00a0\u00bbdefault\u00a0\u00bb global_colors_info=\u00a0\u00bb{}\u00a0\u00bb]<\/p>\n<p>Le vendredi 12 d\u00e9cembre \u00e0 partir de 18h<\/p>\n<p>[\/et_pb_cta][\/et_pb_column][\/et_pb_row][\/et_pb_section][et_pb_section fb_built=\u00a0\u00bb1&Prime; _builder_version=\u00a0\u00bb4.27.4&Prime; _module_preset=\u00a0\u00bbdefault\u00a0\u00bb global_colors_info=\u00a0\u00bb{}\u00a0\u00bb][et_pb_row _builder_version=\u00a0\u00bb4.27.4&Prime; _module_preset=\u00a0\u00bbdefault\u00a0\u00bb global_colors_info=\u00a0\u00bb{}\u00a0\u00bb][et_pb_column type=\u00a0\u00bb4_4&Prime; _builder_version=\u00a0\u00bb4.27.4&Prime; _module_preset=\u00a0\u00bbdefault\u00a0\u00bb global_colors_info=\u00a0\u00bb{}\u00a0\u00bb][et_pb_text _builder_version=\u00a0\u00bb4.27.4&Prime; _module_preset=\u00a0\u00bbdefault\u00a0\u00bb global_colors_info=\u00a0\u00bb{}\u00a0\u00bb]<\/p>\n<p class=\"p1\"><span class=\"s1\">Chers parents,<\/span><\/p>\n<p class=\"p2\"><span class=\"s2\">Le March\u00e9 de No\u00ebl se tiendra le <strong>vendredi 12 d\u00e9cembre 2025 \u00e0 partir de 18h<\/strong>. <\/span><\/p>\n<p class=\"p2\"><span class=\"s3\">Pou<\/span><span class=\"s1\">r vous r\u00e9chauffer et partager un moment gourmand, l\u2019APEL vous offrira du chocolat et du vin chauds.<\/span><\/p>\n<p class=\"p2\"><span class=\"s1\"><\/span><\/p>\n<p>[\/et_pb_text][\/et_pb_column][\/et_pb_row][\/et_pb_section][et_pb_section fb_built=\u00a0\u00bb1&Prime; _builder_version=\u00a0\u00bb4.27.4&Prime; _module_preset=\u00a0\u00bbdefault\u00a0\u00bb global_colors_info=\u00a0\u00bb{}\u00a0\u00bb][et_pb_row column_structure=\u00a0\u00bb3_5,2_5&Prime; _builder_version=\u00a0\u00bb4.27.4&Prime; _module_preset=\u00a0\u00bbdefault\u00a0\u00bb custom_margin=\u00a0\u00bb0px||||false|false\u00a0\u00bb global_colors_info=\u00a0\u00bb{}\u00a0\u00bb][et_pb_column type=\u00a0\u00bb3_5&Prime; _builder_version=\u00a0\u00bb4.27.4&Prime; _module_preset=\u00a0\u00bbdefault\u00a0\u00bb global_colors_info=\u00a0\u00bb{}\u00a0\u00bb][et_pb_text _builder_version=\u00a0\u00bb4.27.4&Prime; _module_preset=\u00a0\u00bbdefault\u00a0\u00bb global_colors_info=\u00a0\u00bb{}\u00a0\u00bb]<\/p>\n<p class=\"p1\"><span class=\"s1\"><\/span><\/p>\n<p class=\"p1\"><span class=\"s1\"><\/span><\/p>\n<p class=\"p1\"><span class=\"s1\"><\/span><\/p>\n<p class=\"p1\"><span class=\"s1\"><\/span><\/p>\n<p class=\"p1\"><span class=\"s1\"><\/span><\/p>\n<p class=\"p1\"><span class=\"s1\"><\/span><\/p>\n<p class=\"p1\"><span class=\"s1\"><\/span><\/p>\n<p class=\"p1\"><span class=\"s1\"><\/span><\/p>\n<p class=\"p1\"><span class=\"s1\"><\/span><\/p>\n<p class=\"p1\"><span class=\"s1\"><\/span><\/p>\n<p class=\"p1\"><span class=\"s1\">Vous pourrez acheter des douceurs telles que des gaufres, cr\u00eapes et autres pop-corn. <\/span><\/p>\n<p class=\"p1\"><span class=\"s1\">Ambiance conviviale et festive assur\u00e9e ! <\/span><\/p>\n<p class=\"p1\"><span class=\"s1\"><\/span><\/p>\n<p class=\"p1\"><span class=\"s1\">Afin de faciliter votre venue, des tickets sont d\u2019ores et d\u00e9j\u00e0 disponibles en <a href=\"https:\/\/www.helloasso.com\/associations\/association-des-parents-d-eleves-de-l-enseignement-libre-sophie-barat\/boutiques\/noel-2025\" title=\"Boutique HelloAssoNoelGSSB\">pr\u00e9vente sur notre boutique HelloAsso<\/a> jusqu\u2019au 8 d\u00e9cembre \u00e0 midi <\/span><\/p>\n<p>[\/et_pb_text][\/et_pb_column][et_pb_column type=\u00a0\u00bb2_5&Prime; _builder_version=\u00a0\u00bb4.27.4&Prime; _module_preset=\u00a0\u00bbdefault\u00a0\u00bb global_colors_info=\u00a0\u00bb{}\u00a0\u00bb][et_pb_image src=\u00a0\u00bbhttps:\/\/www.apelsophiebarat.net\/wp-content\/uploads\/2025\/11\/Affiche-Marche-de-Noel-2025-site-web.png\u00a0\u00bb title_text=\u00a0\u00bbAffiche Marche\u0301 de Noe\u0308l 2025-site web\u00a0\u00bb _builder_version=\u00a0\u00bb4.27.4&Prime; _module_preset=\u00a0\u00bbdefault\u00a0\u00bb hover_enabled=\u00a0\u00bb0&Prime; global_colors_info=\u00a0\u00bb{}\u00a0\u00bb url=\u00a0\u00bbhttps:\/\/www.helloasso.com\/associations\/association-des-parents-d-eleves-de-l-enseignement-libre-sophie-barat\/boutiques\/noel-2025&Prime; sticky_enabled=\u00a0\u00bb0&Prime;][\/et_pb_image][\/et_pb_column][\/et_pb_row][\/et_pb_section][et_pb_section fb_built=\u00a0\u00bb1&Prime; _builder_version=\u00a0\u00bb4.27.4&Prime; _module_preset=\u00a0\u00bbdefault\u00a0\u00bb global_colors_info=\u00a0\u00bb{}\u00a0\u00bb][et_pb_row column_structure=\u00a0\u00bb2_5,3_5&Prime; _builder_version=\u00a0\u00bb4.27.4&Prime; _module_preset=\u00a0\u00bbdefault\u00a0\u00bb global_colors_info=\u00a0\u00bb{}\u00a0\u00bb][et_pb_column type=\u00a0\u00bb2_5&Prime; _builder_version=\u00a0\u00bb4.27.4&Prime; _module_preset=\u00a0\u00bbdefault\u00a0\u00bb global_colors_info=\u00a0\u00bb{}\u00a0\u00bb][et_pb_image src=\u00a0\u00bbhttps:\/\/www.apelsophiebarat.net\/wp-content\/uploads\/2025\/11\/qrcode-3-150&#215;150.png\u00a0\u00bb title_text=\u00a0\u00bbqrcode-3&Prime; _builder_version=\u00a0\u00bb4.27.4&Prime; _module_preset=\u00a0\u00bbdefault\u00a0\u00bb hover_enabled=\u00a0\u00bb0&Prime; global_colors_info=\u00a0\u00bb{}\u00a0\u00bb url=\u00a0\u00bbhttps:\/\/www.helloasso.com\/associations\/association-des-parents-d-eleves-de-l-enseignement-libre-sophie-barat\/boutiques\/noel-2025&Prime; sticky_enabled=\u00a0\u00bb0&Prime;][\/et_pb_image][\/et_pb_column][et_pb_column type=\u00a0\u00bb3_5&Prime; _builder_version=\u00a0\u00bb4.27.4&Prime; _module_preset=\u00a0\u00bbdefault\u00a0\u00bb global_colors_info=\u00a0\u00bb{}\u00a0\u00bb][et_pb_text _builder_version=\u00a0\u00bb4.27.4&Prime; _module_preset=\u00a0\u00bbdefault\u00a0\u00bb global_colors_info=\u00a0\u00bb{}\u00a0\u00bb]<\/p>\n<p>Ou flashez ce code pour acc\u00e9der \u00e0 la boutique de pr\u00e9vente.<\/p>\n<p>[\/et_pb_text][\/et_pb_column][\/et_pb_row][\/et_pb_section]<\/p>\n","protected":false},"excerpt":{"rendered":"<p>Le vendredi 12 d\u00e9cembre \u00e0 partir de 18hChers parents, Le March\u00e9 de No\u00ebl se tiendra le vendredi 12 d\u00e9cembre 2025 \u00e0 partir de 18h. Pour vous r\u00e9chauffer et partager un moment gourmand, l\u2019APEL vous offrira du chocolat et du vin chauds. Vous pourrez acheter des douceurs telles que des gaufres, cr\u00eapes et autres pop-corn. Ambiance [&hellip;]<\/p>\n","protected":false},"author":12,"featured_media":0,"comment_status":"closed","ping_status":"closed","sticky":false,"template":"","format":"standard","meta":{"_et_pb_use_builder":"on","_et_pb_old_content":"","_et_gb_content_width":"","footnotes":""},"categories":[1,16],"tags":[115,61,63,179,116,23],"class_list":["post-3607","post","type-post","status-publish","format-standard","hentry","category-actualites","category-festivites","tag-convivialite","tag-festivites","tag-fete","tag-marche-de-noel","tag-partage","tag-primaire"],"_links":{"self":[{"href":"https:\/\/www.apelsophiebarat.net\/index.php\/wp-json\/wp\/v2\/posts\/3607","targetHints":{"allow":["GET"]}}],"collection":[{"href":"https:\/\/www.apelsophiebarat.net\/index.php\/wp-json\/wp\/v2\/posts"}],"about":[{"href":"https:\/\/www.apelsophiebarat.net\/index.php\/wp-json\/wp\/v2\/types\/post"}],"author":[{"embeddable":true,"href":"https:\/\/www.apelsophiebarat.net\/index.php\/wp-json\/wp\/v2\/users\/12"}],"replies":[{"embeddable":true,"href":"https:\/\/www.apelsophiebarat.net\/index.php\/wp-json\/wp\/v2\/comments?post=3607"}],"version-history":[{"count":6,"href":"https:\/\/www.apelsophiebarat.net\/index.php\/wp-json\/wp\/v2\/posts\/3607\/revisions"}],"predecessor-version":[{"id":3793,"href":"https:\/\/www.apelsophiebarat.net\/index.php\/wp-json\/wp\/v2\/posts\/3607\/revisions\/3793"}],"wp:attachment":[{"href":"https:\/\/www.apelsophiebarat.net\/index.php\/wp-json\/wp\/v2\/media?parent=3607"}],"wp:term":[{"taxonomy":"category","embeddable":true,"href":"https:\/\/www.apelsophiebarat.net\/index.php\/wp-json\/wp\/v2\/categories?post=3607"},{"taxonomy":"post_tag","embeddable":true,"href":"https:\/\/www.apelsophiebarat.net\/index.php\/wp-json\/wp\/v2\/tags?post=3607"}],"curies":[{"name":"wp","href":"https:\/\/api.w.org\/{rel}","templated":true}]}}